{"id":398,"date":"2021-09-24T05:44:18","date_gmt":"2021-09-24T05:44:18","guid":{"rendered":"https:\/\/www.tinevintherclausen.dk\/?p=398"},"modified":"2021-09-24T05:44:18","modified_gmt":"2021-09-24T05:44:18","slug":"venstre-vil-starte-vaekstmotoren-paa-lolland","status":"publish","type":"post","link":"https:\/\/www.tinevintherclausen.dk\/index.php\/2021\/09\/24\/venstre-vil-starte-vaekstmotoren-paa-lolland\/","title":{"rendered":"Venstre vil starte v\u00e6kstmotoren p\u00e5 Lolland"},"content":{"rendered":"\n<p>\u201dVi vil skabe et erhvervsliv, der vokser ud af iv\u00e6rks\u00e6tteri, styrke de etablerede virksomheder, udvikler dygtigt h\u00e5ndv\u00e6rk samt kloge og kreative hoveder.\u201d&nbsp;<\/p>\n\n\n\n<p>S\u00e5dan lyder ordene i vores partiprogram i Venstre Lolland. Indsatsen p\u00e5 erhvervsomr\u00e5det er den f\u00f8rste af syv indsatser, der skal skabe en ny retning for Lolland Kommune, hvor vi skal have en kultur med fokus p\u00e5 v\u00e6kst og dialog.<\/p>\n\n\n\n<p>For nylig udgav Dansk Industri en analyse, hvor Lolland Kommune bliver placeret som nr. 72 ud af landets 98 kommuner i sp\u00f8rgsm\u00e5let om erhvervsvenlighed. Det er en tilbagegang fra 2020, hvor vi l\u00e5 p\u00e5 plads nr. 69. Det er ikke den rigtige retning, tv\u00e6rtimod.<\/p>\n\n\n\n<p>P\u00e5 Lolland kender vi alle klagesangen om den negative befolkningstilv\u00e6kst og problemerne med borgere, der lever hele livet p\u00e5 offentlig fors\u00f8rgelse. Det problem h\u00e6nger sammen med erhvervsvenligheden. Det f\u00f8rste skridt, vi skal tage, er at s\u00f8rge for, at det kan betale sig at arbejde. Det skal v\u00e6re muligt for de lokale virksomheder at udvikle sig p\u00e5 Lolland.<\/p>\n\n\n\n<p>Vi har et arbejdsmarked, der er varmt og p\u00e5 vej til at blive overophedet. Det er vores chance, og derfor skal alle, der kan arbejde, ud i arbejde. Der st\u00e5r mange mennesker i \u201dsystemet\u201d, som m\u00e5ske nok ikke er helt opdateret af den ene eller anden \u00e5rsag, men s\u00e5 er det jobcentrenes opgave at f\u00e5 disse borgere gjort klar. Det er vores fagforeningers opgave at motivere og skubbe p\u00e5, s\u00e5 alle kan m\u00e6rke gl\u00e6den ved at tjene sin egen l\u00f8n, have sin egen frihed med de muligheder, det giver.\u00a0<\/p>\n\n\n\n<p>Analysen fra Dansk Industri har ogs\u00e5 bud p\u00e5, hvad Lolland Kommune b\u00f8r g\u00f8re. \u00d8verst ligger \u00f8nsket om en bedre infrastruktur og transport. Dern\u00e6st skal der fokus p\u00e5 manglen p\u00e5 arbejdskraft. Som nr. 3 skal der g\u00f8res mere brug af lokale private leverand\u00f8rer. Konkurrenceuds\u00e6ttelsen skal op, ikke ned. Flere private virksomheder skal med p\u00e5 budrunden, s\u00e5 jobbene skabes i de private virksomheder og ikke i kommunen.<\/p>\n\n\n\n<p>Endelig er der brug for flere lokale virksomheder. Det kr\u00e6ver en opgradering af informationen fra kommunen til de lokale virksomheder og dialogen.&nbsp;<\/p>\n\n\n\n<p>I Venstre Lolland har vi p\u00e5 vores valgprogram to indsatser, der rammer lige ind i den manglende dialog. Vi \u00f8nsker, at alle \u2013 b\u00e5de borgere og virksomheder \u2013 bliver m\u00f8dt med et \u201dGoddag, hvad kan vi g\u00f8re for dig?\u201d, n\u00e5r de tr\u00e6der ind p\u00e5 kommunen. Der skal underst\u00f8ttes af en s\u00e6rlig indsats hos Business Lolland-Falster, som Lolland Kommune p\u00e5 nuv\u00e6rende tidspunkt har valgt at l\u00e6gge en stor del af sin erhvervsudvikling hos. I fremtiden skal det v\u00e6re tydeligt, at der b\u00e5de r\u00e6kkes ud mod de store og mindre virksomheder, s\u00e5 det bliver en kerneopgave i aftalen med Business Lolland-Falster. P\u00e5 den m\u00e5de kan vi som politikere f\u00f8lge udviklingen og tilfredsheden.<\/p>\n\n\n\n<p>Lolland skal ikke v\u00e6re en kommune, der bliver drevet af tilskud og s\u00e6raftaler. Vi skal have sat erhvervsudvikling p\u00e5 den politiske dagsorden, for det vil skabe en ny retning for kommunen. Et blomstrende erhvervsliv f\u00e5r skatteindt\u00e6gterne til at vokse, og det danner grobund for det gode liv p\u00e5 Lolland.<\/p>\n\n\n\n<p>Lad os se at starte v\u00e6kstmotoren.<\/p>\n","protected":false},"excerpt":{"rendered":"<p>\u201dVi vil skabe et erhvervsliv, der vokser ud af iv\u00e6rks\u00e6tteri, styrke de etablerede virksomheder, udvikler dygtigt h\u00e5ndv\u00e6rk samt kloge og kreative hoveder.\u201d&nbsp; S\u00e5dan lyder ordene i vores partiprogram i Venstre Lolland. Indsatsen p\u00e5 erhvervsomr\u00e5det er den f\u00f8rste af syv indsatser, der skal skabe en ny retning for Lolland Kommune, hvor vi skal have en kultur&hellip;<a href=\"https:\/\/www.tinevintherclausen.dk\/index.php\/2021\/09\/24\/venstre-vil-starte-vaekstmotoren-paa-lolland\/\" class=\"more-link\">Continue reading <span class=\"screen-reader-text\">Venstre vil starte v\u00e6kstmotoren p\u00e5 Lolland<\/span><\/a><\/p>\n","protected":false},"author":1,"featured_media":376,"comment_status":"closed","ping_status":"closed","sticky":false,"template":"","format":"standard","meta":{"footnotes":""},"categories":[34,32],"tags":[],"class_list":["post-398","post","type-post","status-publish","format-standard","has-post-thumbnail","hentry","category-arbejdsmarked","category-erhverv"],"_links":{"self":[{"href":"https:\/\/www.tinevintherclausen.dk\/index.php\/wp-json\/wp\/v2\/posts\/398","targetHints":{"allow":["GET"]}}],"collection":[{"href":"https:\/\/www.tinevintherclausen.dk\/index.php\/wp-json\/wp\/v2\/posts"}],"about":[{"href":"https:\/\/www.tinevintherclausen.dk\/index.php\/wp-json\/wp\/v2\/types\/post"}],"author":[{"embeddable":true,"href":"https:\/\/www.tinevintherclausen.dk\/index.php\/wp-json\/wp\/v2\/users\/1"}],"replies":[{"embeddable":true,"href":"https:\/\/www.tinevintherclausen.dk\/index.php\/wp-json\/wp\/v2\/comments?post=398"}],"version-history":[{"count":1,"href":"https:\/\/www.tinevintherclausen.dk\/index.php\/wp-json\/wp\/v2\/posts\/398\/revisions"}],"predecessor-version":[{"id":399,"href":"https:\/\/www.tinevintherclausen.dk\/index.php\/wp-json\/wp\/v2\/posts\/398\/revisions\/399"}],"wp:featuredmedia":[{"embeddable":true,"href":"https:\/\/www.tinevintherclausen.dk\/index.php\/wp-json\/wp\/v2\/media\/376"}],"wp:attachment":[{"href":"https:\/\/www.tinevintherclausen.dk\/index.php\/wp-json\/wp\/v2\/media?parent=398"}],"wp:term":[{"taxonomy":"category","embeddable":true,"href":"https:\/\/www.tinevintherclausen.dk\/index.php\/wp-json\/wp\/v2\/categories?post=398"},{"taxonomy":"post_tag","embeddable":true,"href":"https:\/\/www.tinevintherclausen.dk\/index.php\/wp-json\/wp\/v2\/tags?post=398"}],"curies":[{"name":"wp","href":"https:\/\/api.w.org\/{rel}","templated":true}]}}